{"id":3452,"date":"2025-12-18T19:17:31","date_gmt":"2025-12-18T19:17:31","guid":{"rendered":"https:\/\/kadenahospitality.com\/index.php\/2025\/12\/18\/cmi-cl-10\/"},"modified":"2025-12-18T19:17:31","modified_gmt":"2025-12-18T19:17:31","slug":"cmi-cl-10","status":"publish","type":"post","link":"https:\/\/kadenahospitality.com\/index.php\/2025\/12\/18\/cmi-cl-10\/","title":{"rendered":"cmi.cl 10"},"content":{"rendered":"<h1>Centro M\u00e9dico Israelita<\/h1>\n<div id=\"toc\" style=\"background: #f9f9f9;border: 1px solid #aaa;display: table;margin-bottom: 1em;padding: 1em;width: 350px;\">\n<p class=\"toctitle\" style=\"font-weight: 700;text-align: center;\">Content<\/p>\n<ul class=\"toc_list\">\n<li><a href=\"#toc-0\">\u201cEstamos llamados a ser una red sinodal, donde cada colegio tiene un papel fundamental.\u201d<\/a><\/li>\n<li><a href=\"#toc-1\">Carozzi lanza Sinergia I+D: convoca a proyectos cient\u00edficos que transformen la industria de alimentos<\/a><\/li>\n<li><a href=\"#toc-4\">A 15 a\u00f1os de rescate de los 33: Santander entrega libro &#8220;Esperanza&#8221; a alumnos de Fundaci\u00f3n Bel\u00e9n Educa<\/a><\/li>\n<\/ul>\n<\/div>\n<p>Fieles a la tarea de educar y evangelizar, que caracteriza nuestros a\u00f1os de presencia en la comuna, renovamos nuestro compromiso a trav\u00e9s de\u2026 leer m\u00e1s. Dirigida a los apoderados de 4\u00b0 medio A y B. Estimados apoderados de los niveles Pre-Kinder, Kinder, 1\u00b0 b\u00e1sicos, 5\u00b0 b\u00e1sicos y 1\u00b0 medios. Estimados apoderados junto con saludar les informo que el d\u00eda mi\u00e9rcoles 08 de octubre a\u2026 Estimados apoderados, junto con saludar y brindarles un afectuoso saludo en el D\u00eda del Apoderado,\u2026<\/p>\n<h2 id=\"toc-0\">\u201cEstamos llamados a ser una red sinodal, donde cada colegio tiene un papel fundamental.\u201d<\/h2>\n<ul>\n<li>El pasado viernes 14 de noviembre se vivi\u00f3 una jornada llena de emoci\u00f3n en nuestro colegio, marcada por la despedida oficial de las estudiantes de\u2026<\/li>\n<li>Esta nueva opci\u00f3n de seguridad se trata de \u201cuna segunda capa de seguridad\u201d que funciona luego de ingresar a la plataforma con el usuario y clave habitual.<\/li>\n<li>Revisa el siguiente video para conocer la informaci\u00f3n que te entrega el informe de deudas.<\/li>\n<li>Ya se encuentra disponible el listado de materiales para el a\u00f1o 2025.<\/li>\n<li>Promovemos una educaci\u00f3n inclusiva y equitativa, con foco en la formaci\u00f3n integral y el Programa de Integraci\u00f3n Escolar, asegurando calidad y oportunidades para todos.<\/li>\n<\/ul>\n<p>Para esto no es necesario que el establecimiento tenga \u201cPIE\u201d, pero si es necesario que se haya indicado el diagn\u00f3stico en las caracter\u00edsticas del estudiante en \u201cConfiguraci\u00f3n, Procesos, Matr\u00edcula, Caracter\u00edsticas de Estudiante\u201d. Nuestro establecimiento tiene la capacidad de atender una matr\u00edcula de 866 alumnas en Jornada Escolar Completa Diurna, en cursos desde 7\u00b0 B\u00e1sico a 4to A\u00f1o medio T\u00e9cnico Profesional. Est\u00e1 ubicado en la comuna de La Serena y cuenta con sistema de Jornada Escolar Completa, seg\u00fan la resoluci\u00f3n exenta N\u00b034 del 5 de Marzo de 1997. El portal de negocios de PaginasAmarillas.com de gur\u00fa contiene la informaci\u00f3n comercial de 11 pa\u00edses de Latinoam\u00e9rica. Ingresa a servicio al cliente.<\/p>\n<h3 id=\"toc-1\">Carozzi lanza Sinergia I+D: convoca a proyectos cient\u00edficos que transformen la industria de alimentos<\/h3>\n<p>Nuestro colegio es parte del Sistema de Admisi\u00f3n Escolar (SAE) que permite a las familias postular a todos los establecimientos educacionales que reciban subvenci\u00f3n del Estado. Nuestro colegio es parte del Sistema de Admisi\u00f3n Escolar (SAE) que permite a las familias postular a todos los establecimientos educacionales que\u2026 leer m\u00e1s. Como parte de la Reforma Educacional, la Ley de Inclusi\u00f3n Escolar creo el a\u00f1o 2017 el Sistema de Admisi\u00f3n Escolar, para que ning\u00fan establecimiento pueda seleccionar\u2026 leer m\u00e1s. Un a\u00f1o de trabajo y dedicaci\u00f3n escolar va concluyendo y es por eso que la\u2026<\/p>\n<p>Las iniciativas expuestas mostraron avances en innovaci\u00f3n, posicionamiento, digitalizaci\u00f3n y modelos de relacionamiento con clientes industriales. En esta instancia, se premiaron nueve categor\u00edas que abarcaron desde estrategia de marca hasta innovaci\u00f3n y sostenibilidad, con el fin de visibilizar el trabajo detr\u00e1s de la gesti\u00f3n comercial y comunicacional en la industria, un sector tradicionalmente orientado a lo t\u00e9cnico. Certifico que es informaci\u00f3n real y autorizo a Bio Bio para publicarla de la forma Que estime conveniente, manteniendo la confidencialidad de mis datos si asi lo deseo<\/p>\n<p>Formar personas de excelencia en el \u00e1mbito t\u00e9cnico profesional, mediante una s\u00f3lida base \u00e9tica, aprendizajes de calidad\u2026 El Colegio Providencia La Serena informa a toda la comunidad educativa que el pr\u00f3ximo martes\u2026 Su dise\u00f1o es minimalista y funcional, con ajuste de inclinaci\u00f3n y compatibilidad con montura VESA 100&#215;100 mm, facilitando su integraci\u00f3n en distintos espacios de trabajo o gaming. En cuanto a conectividad, incluye un puerto DisplayPort y dos puertos HDMI 2.0, adem\u00e1s de salida para auriculares.<\/p>\n<h2 id=\"toc-2\">Importante: Doble capa de seguridad en CMI Escolar<\/h2>\n<p>El Colegio La Providencia de Concepci\u00f3n es un establecimiento educacional cat\u00f3lico particular subvencionado, cooperador de la funci\u00f3n del Estado desde 1950. Estimados apoderados, junto con saludar informamos a ustedes el Horario de Matr\u00edcula para el a\u00f1o\u2026 Somos parte del Sistema de Admisi\u00f3n Escolar (SAE) que permite postular a los establecimientos educacionales que reciben subvenci\u00f3n del Estado.<\/p>\n<h3 id=\"toc-3\">Incendio en Pedro Aguirre Cerda destruye tres viviendas: problemas con grifos complicaron combate<\/h3>\n<p>Seguimos trabajando <a href=\"cmi.cl\">cmi.cl<\/a> en el desarrollo de nuestro sitio para entregarte m\u00e1s y mejores servicios Recuerda que debes seleccionar tu regi\u00f3n y subcomisi\u00f3n para iniciar el tr\u00e1mite. Te recomendamos realizar tu apelaci\u00f3n en esta p\u00e1gina web con tu clave \u00fanica.<\/p>\n<p>Nuestras plataformas son dise\u00f1adas y desarrolladas por nuestro equipo multidisciplinario, compuesto por docentes con experiencia e ingenieros ligados al mundo educativo. Conectamos la gesti\u00f3n escolar con soluciones digitales de vanguardia. Aportamos a la educaci\u00f3n con herramientas tecnol\u00f3gicas.<\/p>\n<p>Sobrepasar las barreras del conocimiento en marketing estrat\u00e9gico con compa\u00f1\u00edas B2B, siendo un referente a nivel Latinoamericano en investigaci\u00f3n, desarrollo y asesor\u00edas en materia de Marketing B2B. Formamos comunidades educativas inspiradas en el Evangelio, al servicio de la dignidad humana, la solidaridad y la cultura desde la visi\u00f3n de la Iglesia Cat\u00f3lica Formamos comunidades educativas inspiradas en el Evangelio, al servicio de la dignidad humana, la solidaridad y la cultura desde la visi\u00f3n de la Iglesia Cat\u00f3lica. Asimismo, los datos se procesan en tiempo real, transform\u00e1ndose en una herramienta concreta para apoyar la gesti\u00f3n escolar y la mejora continua de los procesos educativos. Por ejemplo, si un estudiante muestra bajo rendimiento en varias asignaturas, acumula observaciones negativas y su apoderado no ha asistido a reuniones, la plataforma lo detecta, facilitando una intervenci\u00f3n temprana y focalizada. Uno de sus aportes m\u00e1s significativos es el sistema de alertas configurables, que permite identificar casos que requieren atenci\u00f3n prioritaria.<\/p>\n","protected":false},"excerpt":{"rendered":"<p>Centro M\u00e9dico Israelita Content \u201cEstamos llamados a ser una red sinodal, donde cada colegio tiene un papel fundamental.\u201d Carozzi lanza Sinergia I+D: convoca a proyectos cient\u00edficos que transformen la industria de alimentos A 15 a\u00f1os de rescate de los 33: Santander entrega libro &#8220;Esperanza&#8221; a alumnos de Fundaci\u00f3n Bel\u00e9n Educa Fieles a la tarea de &hellip;<\/p>\n<p class=\"read-more\"> <a class=\"\" href=\"https:\/\/kadenahospitality.com\/index.php\/2025\/12\/18\/cmi-cl-10\/\"> <span class=\"screen-reader-text\">cmi.cl 10<\/span> Read More \u00bb<\/a><\/p>\n","protected":false},"author":1,"featured_media":0,"comment_status":"open","ping_status":"open","sticky":false,"template":"","format":"standard","meta":{"site-sidebar-layout":"default","site-content-layout":"default","ast-global-header-display":"","ast-banner-title-visibility":"","ast-main-header-display":"","ast-hfb-above-header-display":"","ast-hfb-below-header-display":"","ast-hfb-mobile-header-display":"","site-post-title":"","ast-breadcrumbs-content":"","ast-featured-img":"","footer-sml-layout":"","theme-transparent-header-meta":"","adv-header-id-meta":"","stick-header-meta":"","header-above-stick-meta":"","header-main-stick-meta":"","header-below-stick-meta":"","footnotes":""},"categories":[37],"tags":[],"class_list":["post-3452","post","type-post","status-publish","format-standard","hentry","category-cmi-cl-150"],"_links":{"self":[{"href":"https:\/\/kadenahospitality.com\/index.php\/wp-json\/wp\/v2\/posts\/3452","targetHints":{"allow":["GET"]}}],"collection":[{"href":"https:\/\/kadenahospitality.com\/index.php\/wp-json\/wp\/v2\/posts"}],"about":[{"href":"https:\/\/kadenahospitality.com\/index.php\/wp-json\/wp\/v2\/types\/post"}],"author":[{"embeddable":true,"href":"https:\/\/kadenahospitality.com\/index.php\/wp-json\/wp\/v2\/users\/1"}],"replies":[{"embeddable":true,"href":"https:\/\/kadenahospitality.com\/index.php\/wp-json\/wp\/v2\/comments?post=3452"}],"version-history":[{"count":0,"href":"https:\/\/kadenahospitality.com\/index.php\/wp-json\/wp\/v2\/posts\/3452\/revisions"}],"wp:attachment":[{"href":"https:\/\/kadenahospitality.com\/index.php\/wp-json\/wp\/v2\/media?parent=3452"}],"wp:term":[{"taxonomy":"category","embeddable":true,"href":"https:\/\/kadenahospitality.com\/index.php\/wp-json\/wp\/v2\/categories?post=3452"},{"taxonomy":"post_tag","embeddable":true,"href":"https:\/\/kadenahospitality.com\/index.php\/wp-json\/wp\/v2\/tags?post=3452"}],"curies":[{"name":"wp","href":"https:\/\/api.w.org\/{rel}","templated":true}]}}